{"id":1936,"date":"2023-11-30T13:36:02","date_gmt":"2023-11-30T13:36:02","guid":{"rendered":"http:\/\/www.gapas.org.tr\/?p=1936"},"modified":"2023-12-11T13:43:40","modified_gmt":"2023-12-11T13:43:40","slug":"gapas-yon-krl-baskani-ismail-ozcan-pariste-cepi-genel-kuruluna-ve-intl-mls-foruma-katildi","status":"publish","type":"post","link":"https:\/\/www.gapas.org.tr\/index.php\/2023\/11\/30\/gapas-yon-krl-baskani-ismail-ozcan-pariste-cepi-genel-kuruluna-ve-intl-mls-foruma-katildi\/","title":{"rendered":"GAPAS Y\u00f6n. Krl. Ba\u015fkan\u0131 \u0130smail \u00d6zcan, Paris&#8217;te CEPI Genel Kurulu&#8217;na ve Intl. MLS Forum&#8217;a Kat\u0131ld\u0131"},"content":{"rendered":"\n<div class=\"wp-block-columns is-layout-flex wp-container-core-columns-is-layout-9d6595d7 wp-block-columns-is-layout-flex\">\n<div class=\"wp-block-column is-layout-flow wp-block-column-is-layout-flow\" style=\"flex-basis:100%\">\n<div class=\"wp-block-group\"><div class=\"wp-block-group__inner-container is-layout-constrained wp-block-group-is-layout-constrained\">\n<\/p>\n<p>GAPAS&#8217;\u0131n \u00fcyesi oldu\u011fu CEPI &#8211; Avrupa Gayrimenkul Meslek Birli\u011fi&#8217;nin 30.11-01.12.2023 g\u00fcnlerinde Paris&#8217;te ger\u00e7ekle\u015ftirilen genel kurul toplant\u0131s\u0131na, GAPAS ad\u0131na y\u00f6netim kurulu ba\u015fkan\u0131 Sn. \u0130smail \u00d6zcan kat\u0131ld\u0131. CEPI ve RESO ortakl\u0131\u011f\u0131nda 02.12.2023 g\u00fcn\u00fc d\u00fczenlenen International MLS Forum&#8217;a da kat\u0131lan Sn. \u00d6zcan, Paris&#8217;te bulundu\u011fu s\u00fcre i\u00e7inde T\u00fcrkiye&#8217;nin Fransa B\u00fcy\u00fckel\u00e7isi Sn. Yunus Demirer taraf\u0131ndan da kabul edildi.\n<\/div><\/div>\n<\/div>\n<\/div>\n\n\n\n<div class=\"wp-block-columns is-layout-flex wp-container-core-columns-is-layout-9d6595d7 wp-block-columns-is-layout-flex\">\n<div class=\"wp-block-column is-layout-flow wp-block-column-is-layout-flow\">\n<figure class=\"wp-block-gallery has-nested-images columns-default is-cropped wp-block-gallery-1 is-layout-flex wp-block-gallery-is-layout-flex\">\n<figure class=\"wp-block-image size-large\"><img fetchpriority=\"high\" decoding=\"async\" width=\"1024\" height=\"576\" data-id=\"1938\" src=\"http:\/\/www.gapas.org.tr\/wp-content\/uploads\/2023\/12\/CEPI-GM_Paris-2023_7-1024x576.jpg\" alt=\"\" class=\"wp-image-1938\" srcset=\"https:\/\/www.gapas.org.tr\/wp-content\/uploads\/2023\/12\/CEPI-GM_Paris-2023_7-1024x576.jpg 1024w, https:\/\/www.gapas.org.tr\/wp-content\/uploads\/2023\/12\/CEPI-GM_Paris-2023_7-300x169.jpg 300w, https:\/\/www.gapas.org.tr\/wp-content\/uploads\/2023\/12\/CEPI-GM_Paris-2023_7-768x432.jpg 768w, https:\/\/www.gapas.org.tr\/wp-content\/uploads\/2023\/12\/CEPI-GM_Paris-2023_7-1536x864.jpg 1536w, https:\/\/www.gapas.org.tr\/wp-content\/uploads\/2023\/12\/CEPI-GM_Paris-2023_7.jpg 1600w\" sizes=\"(max-width: 1024px) 100vw, 1024px\" \/><\/figure>\n<\/figure>\n<\/div>\n\n\n\n<div class=\"wp-block-column is-layout-flow wp-block-column-is-layout-flow\">\n<figure class=\"wp-block-image size-large\"><img decoding=\"async\" width=\"1024\" height=\"768\" src=\"http:\/\/www.gapas.org.tr\/wp-content\/uploads\/2023\/12\/CEPI-GM_Paris-2023_39-1024x768.jpg\" alt=\"\" class=\"wp-image-1939\" srcset=\"https:\/\/www.gapas.org.tr\/wp-content\/uploads\/2023\/12\/CEPI-GM_Paris-2023_39-1024x768.jpg 1024w, https:\/\/www.gapas.org.tr\/wp-content\/uploads\/2023\/12\/CEPI-GM_Paris-2023_39-300x225.jpg 300w, https:\/\/www.gapas.org.tr\/wp-content\/uploads\/2023\/12\/CEPI-GM_Paris-2023_39-768x576.jpg 768w, https:\/\/www.gapas.org.tr\/wp-content\/uploads\/2023\/12\/CEPI-GM_Paris-2023_39-1536x1152.jpg 1536w, https:\/\/www.gapas.org.tr\/wp-content\/uploads\/2023\/12\/CEPI-GM_Paris-2023_39-2048x1536.jpg 2048w\" sizes=\"(max-width: 1024px) 100vw, 1024px\" \/><\/figure>\n<\/div>\n\n\n\n<div class=\"wp-block-column is-layout-flow wp-block-column-is-layout-flow\">\n<figure class=\"wp-block-image size-large\"><img decoding=\"async\" width=\"1024\" height=\"768\" src=\"http:\/\/www.gapas.org.tr\/wp-content\/uploads\/2023\/12\/Paris-Buyukelcisi-Yunus-Demirer_4-1024x768.jpg\" alt=\"\" class=\"wp-image-1940\" srcset=\"https:\/\/www.gapas.org.tr\/wp-content\/uploads\/2023\/12\/Paris-Buyukelcisi-Yunus-Demirer_4-1024x768.jpg 1024w, https:\/\/www.gapas.org.tr\/wp-content\/uploads\/2023\/12\/Paris-Buyukelcisi-Yunus-Demirer_4-300x225.jpg 300w, https:\/\/www.gapas.org.tr\/wp-content\/uploads\/2023\/12\/Paris-Buyukelcisi-Yunus-Demirer_4-768x576.jpg 768w, https:\/\/www.gapas.org.tr\/wp-content\/uploads\/2023\/12\/Paris-Buyukelcisi-Yunus-Demirer_4-1536x1152.jpg 1536w, https:\/\/www.gapas.org.tr\/wp-content\/uploads\/2023\/12\/Paris-Buyukelcisi-Yunus-Demirer_4-2048x1536.jpg 2048w\" sizes=\"(max-width: 1024px) 100vw, 1024px\" \/><\/figure>\n<\/div>\n<\/div>\n","protected":false},"excerpt":{"rendered":"<p>GAPAS&#8217;\u0131n \u00fcyesi oldu\u011fu CEPI &#8211; Avrupa Gayrimenkul Meslek Birli\u011fi&#8217;nin 30.11-01.12.2023 g\u00fcnlerinde Paris&#8217;te ger\u00e7ekle\u015ftirilen genel kurul toplant\u0131s\u0131na, GAPAS ad\u0131na y\u00f6netim kurulu ba\u015fkan\u0131 Sn. \u0130smail \u00d6zcan kat\u0131ld\u0131. CEPI ve RESO ortakl\u0131\u011f\u0131nda 02.12.2023 g\u00fcn\u00fc d\u00fczenlenen International MLS Forum&#8217;a da kat\u0131lan Sn. \u00d6zcan, Paris&#8217;te bulundu\u011fu s\u00fcre i\u00e7inde T\u00fcrkiye&#8217;nin Fransa B\u00fcy\u00fckel\u00e7isi Sn. Yunus Demirer taraf\u0131ndan da kabul edildi.<\/p>\n","protected":false},"author":1,"featured_media":0,"comment_status":"closed","ping_status":"closed","sticky":false,"template":"","format":"standard","meta":{"footnotes":""},"categories":[5],"tags":[],"class_list":["post-1936","post","type-post","status-publish","format-standard","hentry","category-dernegimizden-haberler"],"_links":{"self":[{"href":"https:\/\/www.gapas.org.tr\/index.php\/wp-json\/wp\/v2\/posts\/1936","targetHints":{"allow":["GET"]}}],"collection":[{"href":"https:\/\/www.gapas.org.tr\/index.php\/wp-json\/wp\/v2\/posts"}],"about":[{"href":"https:\/\/www.gapas.org.tr\/index.php\/wp-json\/wp\/v2\/types\/post"}],"author":[{"embeddable":true,"href":"https:\/\/www.gapas.org.tr\/index.php\/wp-json\/wp\/v2\/users\/1"}],"replies":[{"embeddable":true,"href":"https:\/\/www.gapas.org.tr\/index.php\/wp-json\/wp\/v2\/comments?post=1936"}],"version-history":[{"count":3,"href":"https:\/\/www.gapas.org.tr\/index.php\/wp-json\/wp\/v2\/posts\/1936\/revisions"}],"predecessor-version":[{"id":1942,"href":"https:\/\/www.gapas.org.tr\/index.php\/wp-json\/wp\/v2\/posts\/1936\/revisions\/1942"}],"wp:attachment":[{"href":"https:\/\/www.gapas.org.tr\/index.php\/wp-json\/wp\/v2\/media?parent=1936"}],"wp:term":[{"taxonomy":"category","embeddable":true,"href":"https:\/\/www.gapas.org.tr\/index.php\/wp-json\/wp\/v2\/categories?post=1936"},{"taxonomy":"post_tag","embeddable":true,"href":"https:\/\/www.gapas.org.tr\/index.php\/wp-json\/wp\/v2\/tags?post=1936"}],"curies":[{"name":"wp","href":"https:\/\/api.w.org\/{rel}","templated":true}]}}