{"id":1952,"date":"2023-12-29T12:33:19","date_gmt":"2023-12-29T12:33:19","guid":{"rendered":"http:\/\/www.gapas.org.tr\/?p=1952"},"modified":"2023-12-29T12:33:21","modified_gmt":"2023-12-29T12:33:21","slug":"gapas-kis-bulusmasi-2023-gerceklesti","status":"publish","type":"post","link":"https:\/\/www.gapas.org.tr\/index.php\/2023\/12\/29\/gapas-kis-bulusmasi-2023-gerceklesti\/","title":{"rendered":"GAPAS K\u0131\u015f Bulu\u015fmas\u0131 2023 Ger\u00e7ekle\u015fti"},"content":{"rendered":"\n<div class=\"wp-block-columns is-layout-flex wp-container-core-columns-is-layout-9d6595d7 wp-block-columns-is-layout-flex\">\n<div class=\"wp-block-column is-layout-flow wp-block-column-is-layout-flow\" style=\"flex-basis:100%\">\n<div class=\"wp-block-group\"><div class=\"wp-block-group__inner-container is-layout-constrained wp-block-group-is-layout-constrained\">\nGAPAS asil \u00fcyeleri ve dan\u0131\u015fma kurulu \u00fcyeleri, 27.12.2023 g\u00fcn\u00fc GAPAS K\u0131\u015f Bulu\u015fmas\u0131&#8217;nda biraraya geldi. \u00dcmraniye Belediyesi Tantavi Sosyal Tesisleri&#8217;nde ger\u00e7ekle\u015fen bulu\u015fmada, 2023 y\u0131l\u0131na ili\u015fkin de\u011ferlendirmeler yap\u0131l\u0131rken, 2024 y\u0131l\u0131na ili\u015fkin de beklentiler tart\u0131\u015f\u0131ld\u0131.\n<\/div><\/div>\n<\/div>\n<\/div>\n\n\n\n<div class=\"wp-block-columns is-layout-flex wp-container-core-columns-is-layout-9d6595d7 wp-block-columns-is-layout-flex\">\n<div class=\"wp-block-column is-layout-flow wp-block-column-is-layout-flow\">\n<figure class=\"wp-block-gallery has-nested-images columns-default is-cropped wp-block-gallery-1 is-layout-flex wp-block-gallery-is-layout-flex\">\n<figure class=\"wp-block-image size-large\"><img fetchpriority=\"high\" decoding=\"async\" width=\"1024\" height=\"768\" data-id=\"1954\" src=\"http:\/\/www.gapas.org.tr\/wp-content\/uploads\/2023\/12\/GAPAS-Kis-Bulusmasi-2023_1-1024x768.jpg\" alt=\"\" class=\"wp-image-1954\" srcset=\"https:\/\/www.gapas.org.tr\/wp-content\/uploads\/2023\/12\/GAPAS-Kis-Bulusmasi-2023_1-1024x768.jpg 1024w, https:\/\/www.gapas.org.tr\/wp-content\/uploads\/2023\/12\/GAPAS-Kis-Bulusmasi-2023_1-300x225.jpg 300w, https:\/\/www.gapas.org.tr\/wp-content\/uploads\/2023\/12\/GAPAS-Kis-Bulusmasi-2023_1-768x576.jpg 768w, https:\/\/www.gapas.org.tr\/wp-content\/uploads\/2023\/12\/GAPAS-Kis-Bulusmasi-2023_1-1536x1152.jpg 1536w, https:\/\/www.gapas.org.tr\/wp-content\/uploads\/2023\/12\/GAPAS-Kis-Bulusmasi-2023_1-2048x1536.jpg 2048w\" sizes=\"(max-width: 1024px) 100vw, 1024px\" \/><\/figure>\n<\/figure>\n<\/div>\n\n\n\n<div class=\"wp-block-column is-layout-flow wp-block-column-is-layout-flow\">\n<figure class=\"wp-block-image size-large\"><img decoding=\"async\" width=\"1024\" height=\"768\" src=\"http:\/\/www.gapas.org.tr\/wp-content\/uploads\/2023\/12\/GAPAS-Kis-Bulusmasi-2023_2-1024x768.jpg\" alt=\"\" class=\"wp-image-1955\" srcset=\"https:\/\/www.gapas.org.tr\/wp-content\/uploads\/2023\/12\/GAPAS-Kis-Bulusmasi-2023_2-1024x768.jpg 1024w, https:\/\/www.gapas.org.tr\/wp-content\/uploads\/2023\/12\/GAPAS-Kis-Bulusmasi-2023_2-300x225.jpg 300w, https:\/\/www.gapas.org.tr\/wp-content\/uploads\/2023\/12\/GAPAS-Kis-Bulusmasi-2023_2-768x576.jpg 768w, https:\/\/www.gapas.org.tr\/wp-content\/uploads\/2023\/12\/GAPAS-Kis-Bulusmasi-2023_2-1536x1152.jpg 1536w, https:\/\/www.gapas.org.tr\/wp-content\/uploads\/2023\/12\/GAPAS-Kis-Bulusmasi-2023_2-2048x1536.jpg 2048w\" sizes=\"(max-width: 1024px) 100vw, 1024px\" \/><\/figure>\n<\/div>\n\n\n\n<div class=\"wp-block-column is-layout-flow wp-block-column-is-layout-flow\"><\/div>\n<\/div>\n","protected":false},"excerpt":{"rendered":"<p>GAPAS asil \u00fcyeleri ve dan\u0131\u015fma kurulu \u00fcyeleri, 27.12.2023 g\u00fcn\u00fc GAPAS K\u0131\u015f Bulu\u015fmas\u0131&#8217;nda biraraya geldi. \u00dcmraniye Belediyesi Tantavi Sosyal Tesisleri&#8217;nde ger\u00e7ekle\u015fen bulu\u015fmada, 2023 y\u0131l\u0131na ili\u015fkin de\u011ferlendirmeler yap\u0131l\u0131rken, 2024 y\u0131l\u0131na ili\u015fkin de beklentiler tart\u0131\u015f\u0131ld\u0131.<\/p>\n","protected":false},"author":1,"featured_media":0,"comment_status":"closed","ping_status":"closed","sticky":false,"template":"","format":"standard","meta":{"footnotes":""},"categories":[5],"tags":[],"class_list":["post-1952","post","type-post","status-publish","format-standard","hentry","category-dernegimizden-haberler"],"_links":{"self":[{"href":"https:\/\/www.gapas.org.tr\/index.php\/wp-json\/wp\/v2\/posts\/1952","targetHints":{"allow":["GET"]}}],"collection":[{"href":"https:\/\/www.gapas.org.tr\/index.php\/wp-json\/wp\/v2\/posts"}],"about":[{"href":"https:\/\/www.gapas.org.tr\/index.php\/wp-json\/wp\/v2\/types\/post"}],"author":[{"embeddable":true,"href":"https:\/\/www.gapas.org.tr\/index.php\/wp-json\/wp\/v2\/users\/1"}],"replies":[{"embeddable":true,"href":"https:\/\/www.gapas.org.tr\/index.php\/wp-json\/wp\/v2\/comments?post=1952"}],"version-history":[{"count":2,"href":"https:\/\/www.gapas.org.tr\/index.php\/wp-json\/wp\/v2\/posts\/1952\/revisions"}],"predecessor-version":[{"id":1956,"href":"https:\/\/www.gapas.org.tr\/index.php\/wp-json\/wp\/v2\/posts\/1952\/revisions\/1956"}],"wp:attachment":[{"href":"https:\/\/www.gapas.org.tr\/index.php\/wp-json\/wp\/v2\/media?parent=1952"}],"wp:term":[{"taxonomy":"category","embeddable":true,"href":"https:\/\/www.gapas.org.tr\/index.php\/wp-json\/wp\/v2\/categories?post=1952"},{"taxonomy":"post_tag","embeddable":true,"href":"https:\/\/www.gapas.org.tr\/index.php\/wp-json\/wp\/v2\/tags?post=1952"}],"curies":[{"name":"wp","href":"https:\/\/api.w.org\/{rel}","templated":true}]}}