{"id":1959,"date":"2024-01-12T11:09:37","date_gmt":"2024-01-12T11:09:37","guid":{"rendered":"http:\/\/www.gapas.org.tr\/?p=1959"},"modified":"2024-05-01T12:28:57","modified_gmt":"2024-05-01T12:28:57","slug":"11-gayrimenkulde-liderler-zirvesinde-gapas-baskani-ismail-ozcan-konusmaci-olarak-yeraldi","status":"publish","type":"post","link":"https:\/\/www.gapas.org.tr\/index.php\/2024\/01\/12\/11-gayrimenkulde-liderler-zirvesinde-gapas-baskani-ismail-ozcan-konusmaci-olarak-yeraldi\/","title":{"rendered":"11. Gayrimenkulde Liderler Zirvesi&#8217;nde GAPAS Ba\u015fkan\u0131 \u0130smail \u00d6zcan Konu\u015fmac\u0131 Olarak Yerald\u0131"},"content":{"rendered":"\n<div class=\"wp-block-columns is-layout-flex wp-container-core-columns-is-layout-9d6595d7 wp-block-columns-is-layout-flex\">\n<div class=\"wp-block-column is-layout-flow wp-block-column-is-layout-flow\" style=\"flex-basis:100%\">\n<div class=\"wp-block-group\"><div class=\"wp-block-group__inner-container is-layout-constrained wp-block-group-is-layout-constrained\">\nMANAGEMENT PLUS Dan\u0131s\u0327manl\u0131k Eg\u0306itim taraf\u0131ndan her y\u0131l organize edilen ve bu y\u0131l 11.si du\u0308zenlenen \u201cGayrimenkulde Liderler Zirvesi\u201d 11 Ocak 2024\u2019de &#8220;Konuta Eri\u015filebilirlik&#8221; temas\u0131yla Radisson Collection Vadi I\u0307stanbul Otelde gerc\u0327ekles\u0327tirildi. GAPAS&#8217;\u0131n Destekleyenler aras\u0131nda yer ald\u0131\u011f\u0131 Zirve&#8217;de GAPAS y\u00f6netim kurulu ba\u015fkan\u0131 \u0130smail \u00d6zcan, Zirve&#8217;nin &#8220;Gayrimenkul Sekto\u0308ru\u0308nu\u0308n Gu\u0308ncel Sorunlar\u0131 ve Konuta Eris\u0327ebilirlig\u0306e STK\u2019lar\u0131n C\u0327o\u0308zu\u0308m O\u0308nerileri&#8221; ba\u015fl\u0131kl\u0131 a\u00e7\u0131l\u0131\u015f oturumundaki konu\u015fmas\u0131nda GAPAS&#8217;\u0131n Haziran 2022&#8217;de kamuoyuna a\u00e7\u0131klad\u0131\u011f\u0131 Yeni M\u00fclkiyet Sistemi&#8217;ni yakla\u015f\u0131k 300 kat\u0131l\u0131mc\u0131ya anlatt\u0131.\n<\/div><\/div>\n<\/div>\n<\/div>\n\n\n\n<div class=\"wp-block-columns is-layout-flex wp-container-core-columns-is-layout-9d6595d7 wp-block-columns-is-layout-flex\">\n<div class=\"wp-block-column is-layout-flow wp-block-column-is-layout-flow\">\n<figure class=\"wp-block-gallery has-nested-images columns-default is-cropped wp-block-gallery-1 is-layout-flex wp-block-gallery-is-layout-flex\">\n<figure class=\"wp-block-image size-large\"><a href=\"http:\/\/www.gapas.org.tr\/wp-content\/uploads\/2024\/01\/IMG-20240111-WA0004-1024x576.jpg\"><img fetchpriority=\"high\" decoding=\"async\" width=\"1024\" height=\"576\" data-id=\"1961\" src=\"http:\/\/www.gapas.org.tr\/wp-content\/uploads\/2024\/01\/IMG-20240111-WA0004-1024x576.jpg\" alt=\"\" class=\"wp-image-1961\" srcset=\"https:\/\/www.gapas.org.tr\/wp-content\/uploads\/2024\/01\/IMG-20240111-WA0004-1024x576.jpg 1024w, https:\/\/www.gapas.org.tr\/wp-content\/uploads\/2024\/01\/IMG-20240111-WA0004-300x169.jpg 300w, https:\/\/www.gapas.org.tr\/wp-content\/uploads\/2024\/01\/IMG-20240111-WA0004-768x432.jpg 768w, https:\/\/www.gapas.org.tr\/wp-content\/uploads\/2024\/01\/IMG-20240111-WA0004-1536x864.jpg 1536w, https:\/\/www.gapas.org.tr\/wp-content\/uploads\/2024\/01\/IMG-20240111-WA0004.jpg 2048w\" sizes=\"(max-width: 1024px) 100vw, 1024px\" \/><\/a><\/figure>\n<\/figure>\n<\/div>\n\n\n\n<div class=\"wp-block-column is-layout-flow wp-block-column-is-layout-flow\">\n<figure class=\"wp-block-image size-large\"><a href=\"http:\/\/www.gapas.org.tr\/wp-content\/uploads\/2024\/01\/IMG-20240111-WA0015-1024x576.jpg\"><img decoding=\"async\" width=\"1024\" height=\"576\" src=\"http:\/\/www.gapas.org.tr\/wp-content\/uploads\/2024\/01\/IMG-20240111-WA0015-1024x576.jpg\" alt=\"\" class=\"wp-image-1963\" srcset=\"https:\/\/www.gapas.org.tr\/wp-content\/uploads\/2024\/01\/IMG-20240111-WA0015-1024x576.jpg 1024w, https:\/\/www.gapas.org.tr\/wp-content\/uploads\/2024\/01\/IMG-20240111-WA0015-300x169.jpg 300w, https:\/\/www.gapas.org.tr\/wp-content\/uploads\/2024\/01\/IMG-20240111-WA0015-768x432.jpg 768w, https:\/\/www.gapas.org.tr\/wp-content\/uploads\/2024\/01\/IMG-20240111-WA0015-1536x864.jpg 1536w, https:\/\/www.gapas.org.tr\/wp-content\/uploads\/2024\/01\/IMG-20240111-WA0015.jpg 2048w\" sizes=\"(max-width: 1024px) 100vw, 1024px\" \/><\/a><\/figure>\n<\/div>\n\n\n\n<div class=\"wp-block-column is-layout-flow wp-block-column-is-layout-flow\"><\/div>\n<\/div>\n","protected":false},"excerpt":{"rendered":"<p>MANAGEMENT PLUS Dan\u0131s\u0327manl\u0131k Eg\u0306itim taraf\u0131ndan her y\u0131l organize edilen ve bu y\u0131l 11.si du\u0308zenlenen \u201cGayrimenkulde Liderler Zirvesi\u201d 11 Ocak 2024\u2019de &#8220;Konuta Eri\u015filebilirlik&#8221; temas\u0131yla Radisson Collection Vadi I\u0307stanbul Otelde gerc\u0327ekles\u0327tirildi. GAPAS&#8217;\u0131n Destekleyenler aras\u0131nda yer ald\u0131\u011f\u0131 Zirve&#8217;de GAPAS y\u00f6netim kurulu ba\u015fkan\u0131 \u0130smail \u00d6zcan, Zirve&#8217;nin &#8220;Gayrimenkul Sekto\u0308ru\u0308nu\u0308n Gu\u0308ncel Sorunlar\u0131 ve Konuta Eris\u0327ebilirlig\u0306e STK\u2019lar\u0131n C\u0327o\u0308zu\u0308m O\u0308nerileri&#8221; ba\u015fl\u0131kl\u0131 a\u00e7\u0131l\u0131\u015f oturumundaki [&hellip;]<\/p>\n","protected":false},"author":1,"featured_media":0,"comment_status":"closed","ping_status":"closed","sticky":false,"template":"","format":"standard","meta":{"footnotes":""},"categories":[5],"tags":[],"class_list":["post-1959","post","type-post","status-publish","format-standard","hentry","category-dernegimizden-haberler"],"_links":{"self":[{"href":"https:\/\/www.gapas.org.tr\/index.php\/wp-json\/wp\/v2\/posts\/1959","targetHints":{"allow":["GET"]}}],"collection":[{"href":"https:\/\/www.gapas.org.tr\/index.php\/wp-json\/wp\/v2\/posts"}],"about":[{"href":"https:\/\/www.gapas.org.tr\/index.php\/wp-json\/wp\/v2\/types\/post"}],"author":[{"embeddable":true,"href":"https:\/\/www.gapas.org.tr\/index.php\/wp-json\/wp\/v2\/users\/1"}],"replies":[{"embeddable":true,"href":"https:\/\/www.gapas.org.tr\/index.php\/wp-json\/wp\/v2\/comments?post=1959"}],"version-history":[{"count":4,"href":"https:\/\/www.gapas.org.tr\/index.php\/wp-json\/wp\/v2\/posts\/1959\/revisions"}],"predecessor-version":[{"id":2228,"href":"https:\/\/www.gapas.org.tr\/index.php\/wp-json\/wp\/v2\/posts\/1959\/revisions\/2228"}],"wp:attachment":[{"href":"https:\/\/www.gapas.org.tr\/index.php\/wp-json\/wp\/v2\/media?parent=1959"}],"wp:term":[{"taxonomy":"category","embeddable":true,"href":"https:\/\/www.gapas.org.tr\/index.php\/wp-json\/wp\/v2\/categories?post=1959"},{"taxonomy":"post_tag","embeddable":true,"href":"https:\/\/www.gapas.org.tr\/index.php\/wp-json\/wp\/v2\/tags?post=1959"}],"curies":[{"name":"wp","href":"https:\/\/api.w.org\/{rel}","templated":true}]}}