{"id":2379,"date":"2024-09-19T04:33:55","date_gmt":"2024-09-19T04:33:55","guid":{"rendered":"https:\/\/www.gapas.org.tr\/?p=2379"},"modified":"2024-09-19T04:33:56","modified_gmt":"2024-09-19T04:33:56","slug":"gapas-baskani-ismail-ozcan-ntvde-tcmb-konut-fiyat-endeksi-ve-tuik-konut-satis-verilerini-degerlendirdi","status":"publish","type":"post","link":"https:\/\/www.gapas.org.tr\/index.php\/2024\/09\/19\/gapas-baskani-ismail-ozcan-ntvde-tcmb-konut-fiyat-endeksi-ve-tuik-konut-satis-verilerini-degerlendirdi\/","title":{"rendered":"GAPAS Ba\u015fkan\u0131 \u0130smail \u00d6zcan NTV&#8217;de TCMB Konut Fiyat Endeksi ve T\u00dc\u0130K Konut Sat\u0131\u015f Verilerini De\u011ferlendirdi"},"content":{"rendered":"\n<p>GAPAS Ba\u015fkan\u0131 Sn. \u0130smail \u00d6ZCAN, ayn\u0131 g\u00fcnlerde a\u00e7\u0131klanan A\u011fustos 2024 ay\u0131na ait TCMB Konut Fiyat Endeksi ve T\u00dc\u0130K Konut Sat\u0131\u015flar\u0131 verileri \u00f6zelinde, NTV&#8217;de Finans Kafe program\u0131nda Murat CANER&#8217;in sorular\u0131n\u0131 cevapland\u0131rd\u0131. 17.09.2024<\/p>\n\n\n\n<p><\/p>\n\n\n\n<figure class=\"wp-block-embed is-type-video is-provider-youtube wp-block-embed-youtube wp-embed-aspect-16-9 wp-has-aspect-ratio\"><div class=\"wp-block-embed__wrapper\">\n<iframe title=\"17.09.2024  NTV Finans Kafe | GAPAS - \u0130smail \u00d6ZCAN\" width=\"1120\" height=\"630\" src=\"https:\/\/www.youtube.com\/embed\/5gSLfyllCOk?feature=oembed\" frameborder=\"0\" allow=\"accelerometer; autoplay; clipboard-write; encrypted-media; gyroscope; picture-in-picture; web-share\" referrerpolicy=\"strict-origin-when-cross-origin\" allowfullscreen><\/iframe>\n<\/div><\/figure>\n","protected":false},"excerpt":{"rendered":"<p>GAPAS Ba\u015fkan\u0131 Sn. \u0130smail \u00d6ZCAN, ayn\u0131 g\u00fcnlerde a\u00e7\u0131klanan A\u011fustos 2024 ay\u0131na ait TCMB Konut Fiyat Endeksi ve T\u00dc\u0130K Konut Sat\u0131\u015flar\u0131 verileri \u00f6zelinde, NTV&#8217;de Finans Kafe program\u0131nda Murat CANER&#8217;in sorular\u0131n\u0131 cevapland\u0131rd\u0131. 17.09.2024<\/p>\n","protected":false},"author":1,"featured_media":0,"comment_status":"closed","ping_status":"closed","sticky":false,"template":"","format":"standard","meta":{"footnotes":""},"categories":[6],"tags":[],"class_list":["post-2379","post","type-post","status-publish","format-standard","hentry","category-basinda-biz"],"_links":{"self":[{"href":"https:\/\/www.gapas.org.tr\/index.php\/wp-json\/wp\/v2\/posts\/2379","targetHints":{"allow":["GET"]}}],"collection":[{"href":"https:\/\/www.gapas.org.tr\/index.php\/wp-json\/wp\/v2\/posts"}],"about":[{"href":"https:\/\/www.gapas.org.tr\/index.php\/wp-json\/wp\/v2\/types\/post"}],"author":[{"embeddable":true,"href":"https:\/\/www.gapas.org.tr\/index.php\/wp-json\/wp\/v2\/users\/1"}],"replies":[{"embeddable":true,"href":"https:\/\/www.gapas.org.tr\/index.php\/wp-json\/wp\/v2\/comments?post=2379"}],"version-history":[{"count":2,"href":"https:\/\/www.gapas.org.tr\/index.php\/wp-json\/wp\/v2\/posts\/2379\/revisions"}],"predecessor-version":[{"id":2381,"href":"https:\/\/www.gapas.org.tr\/index.php\/wp-json\/wp\/v2\/posts\/2379\/revisions\/2381"}],"wp:attachment":[{"href":"https:\/\/www.gapas.org.tr\/index.php\/wp-json\/wp\/v2\/media?parent=2379"}],"wp:term":[{"taxonomy":"category","embeddable":true,"href":"https:\/\/www.gapas.org.tr\/index.php\/wp-json\/wp\/v2\/categories?post=2379"},{"taxonomy":"post_tag","embeddable":true,"href":"https:\/\/www.gapas.org.tr\/index.php\/wp-json\/wp\/v2\/tags?post=2379"}],"curies":[{"name":"wp","href":"https:\/\/api.w.org\/{rel}","templated":true}]}}