{"id":2418,"date":"2024-11-08T16:27:23","date_gmt":"2024-11-08T16:27:23","guid":{"rendered":"https:\/\/www.gapas.org.tr\/?p=2418"},"modified":"2024-11-19T16:59:20","modified_gmt":"2024-11-19T16:59:20","slug":"gapas-kira-garanti-sistemi-onerisini-tanitti","status":"publish","type":"post","link":"https:\/\/www.gapas.org.tr\/index.php\/2024\/11\/08\/gapas-kira-garanti-sistemi-onerisini-tanitti\/","title":{"rendered":"GAPAS Kira Garanti Sistemi \u00d6nerisini Tan\u0131tt\u0131"},"content":{"rendered":"\n<div class=\"wp-block-columns is-layout-flex wp-container-core-columns-is-layout-9d6595d7 wp-block-columns-is-layout-flex\">\n<div class=\"wp-block-column is-layout-flow wp-block-column-is-layout-flow\" style=\"flex-basis:100%\">\n<div class=\"wp-block-group\"><div class=\"wp-block-group__inner-container is-layout-constrained wp-block-group-is-layout-constrained\">\nGAPAS, m\u00fclk sahibi &#038; kirac\u0131 ili\u015fkilerini yeni bir zemine oturtmak \u00fczere Kira Garanti Sistemi&#8217;ni \u00f6nerdi. 8 Kas\u0131m 2024 g\u00fcn\u00fc d\u00fczenlenen bas\u0131n toplant\u0131s\u0131 ile kamuoyunun g\u00fcndemine sunulan sistemle, Kira Sigortalar\u0131 Kurumu kurulmas\u0131, bankalar\u0131n, sigorta kurulu\u015flar\u0131n\u0131n sisteme aktif kat\u0131l\u0131m\u0131 \u00f6neriliyor. Hazine ve Maliye Bakanl\u0131\u011f\u0131&#8217;n\u0131n 4 Kas\u0131m 2024 g\u00fcn\u00fc devreye ald\u0131\u011f\u0131 e-Devlet&#8217;te kira s\u00f6zle\u015fmesi haz\u0131rlama hizmetinin aktif olarak kullan\u0131lmas\u0131yla \u015fekillendirilen Kira Garanti Sistemi&#8217;nde, kirac\u0131n\u0131n kiras\u0131n\u0131 \u00f6deyememesi durumunun olu\u015fmas\u0131 halinde, m\u00fclk sahibinin ma\u011fduriyetinin \u00f6nlenmesi, kirac\u0131ya kira borcunu daha geni\u015f bir zamanda \u00f6deyebilmesi imkan\u0131 sa\u011flan\u0131yor.\n<\/div><\/div>\n<\/div>\n<\/div>\n\n\n\n<div data-wp-interactive=\"core\/file\" class=\"wp-block-file\"><object data-wp-bind--hidden=\"!state.hasPdfPreview\" hidden class=\"wp-block-file__embed\" data=\"https:\/\/www.gapas.org.tr\/wp-content\/uploads\/2024\/11\/Kira-Garanti-Sistemi-GAPAS.pdf\" type=\"application\/pdf\" style=\"width:100%;height:320px\" aria-label=\"Kira Garanti Sistemi - GAPAS g\u00f6m\u00fcs\u00fc.\"><\/object><a id=\"wp-block-file--media-a2df418d-55c9-45d8-929e-3289fcb17c6a\" href=\"https:\/\/www.gapas.org.tr\/wp-content\/uploads\/2024\/11\/Kira-Garanti-Sistemi-GAPAS.pdf\">Kira Garanti Sistemi &#8211; GAPAS<\/a><a href=\"https:\/\/www.gapas.org.tr\/wp-content\/uploads\/2024\/11\/Kira-Garanti-Sistemi-GAPAS.pdf\" class=\"wp-block-file__button wp-element-button\" download aria-describedby=\"wp-block-file--media-a2df418d-55c9-45d8-929e-3289fcb17c6a\">\u0130ndir<\/a><\/div>\n\n\n\n<hr class=\"wp-block-separator has-alpha-channel-opacity\"\/>\n\n\n\n<div class=\"wp-block-columns is-layout-flex wp-container-core-columns-is-layout-9d6595d7 wp-block-columns-is-layout-flex\">\n<div class=\"wp-block-column is-layout-flow wp-block-column-is-layout-flow\">\n<figure class=\"wp-block-gallery has-nested-images columns-default is-cropped wp-block-gallery-1 is-layout-flex wp-block-gallery-is-layout-flex\">\n<figure class=\"wp-block-image size-large\"><a href=\"https:\/\/www.gapas.org.tr\/wp-content\/uploads\/2024\/11\/GAPAS-KGS_1.jpg\"><img fetchpriority=\"high\" decoding=\"async\" width=\"1024\" height=\"768\" data-id=\"2420\" src=\"https:\/\/www.gapas.org.tr\/wp-content\/uploads\/2024\/11\/GAPAS-KGS_1-1024x768.jpg\" alt=\"\" class=\"wp-image-2420\" srcset=\"https:\/\/www.gapas.org.tr\/wp-content\/uploads\/2024\/11\/GAPAS-KGS_1-1024x768.jpg 1024w, https:\/\/www.gapas.org.tr\/wp-content\/uploads\/2024\/11\/GAPAS-KGS_1-300x225.jpg 300w, https:\/\/www.gapas.org.tr\/wp-content\/uploads\/2024\/11\/GAPAS-KGS_1-768x576.jpg 768w, https:\/\/www.gapas.org.tr\/wp-content\/uploads\/2024\/11\/GAPAS-KGS_1-1536x1152.jpg 1536w, https:\/\/www.gapas.org.tr\/wp-content\/uploads\/2024\/11\/GAPAS-KGS_1.jpg 1600w\" sizes=\"(max-width: 1024px) 100vw, 1024px\" \/><\/a><\/figure>\n<\/figure>\n<\/div>\n\n\n\n<div class=\"wp-block-column is-layout-flow wp-block-column-is-layout-flow\">\n<figure class=\"wp-block-image size-large is-resized\"><a href=\"https:\/\/www.gapas.org.tr\/wp-content\/uploads\/2024\/11\/GAPAS-KGS_2.jpg\"><img decoding=\"async\" width=\"1024\" height=\"768\" src=\"https:\/\/www.gapas.org.tr\/wp-content\/uploads\/2024\/11\/GAPAS-KGS_2-1024x768.jpg\" alt=\"\" class=\"wp-image-2421\" style=\"width:272px;height:auto\" srcset=\"https:\/\/www.gapas.org.tr\/wp-content\/uploads\/2024\/11\/GAPAS-KGS_2-1024x768.jpg 1024w, https:\/\/www.gapas.org.tr\/wp-content\/uploads\/2024\/11\/GAPAS-KGS_2-300x225.jpg 300w, https:\/\/www.gapas.org.tr\/wp-content\/uploads\/2024\/11\/GAPAS-KGS_2-768x576.jpg 768w, https:\/\/www.gapas.org.tr\/wp-content\/uploads\/2024\/11\/GAPAS-KGS_2-1536x1152.jpg 1536w, https:\/\/www.gapas.org.tr\/wp-content\/uploads\/2024\/11\/GAPAS-KGS_2.jpg 1600w\" sizes=\"(max-width: 1024px) 100vw, 1024px\" \/><\/a><\/figure>\n<\/div>\n\n\n\n<div class=\"wp-block-column is-layout-flow wp-block-column-is-layout-flow\">\n<figure class=\"wp-block-image size-large\"><a href=\"https:\/\/www.gapas.org.tr\/wp-content\/uploads\/2024\/11\/GAPAS-KGS_4-scaled.jpg\"><img decoding=\"async\" width=\"1024\" height=\"768\" src=\"https:\/\/www.gapas.org.tr\/wp-content\/uploads\/2024\/11\/GAPAS-KGS_4-1024x768.jpg\" alt=\"\" class=\"wp-image-2422\" srcset=\"https:\/\/www.gapas.org.tr\/wp-content\/uploads\/2024\/11\/GAPAS-KGS_4-1024x768.jpg 1024w, https:\/\/www.gapas.org.tr\/wp-content\/uploads\/2024\/11\/GAPAS-KGS_4-300x225.jpg 300w, https:\/\/www.gapas.org.tr\/wp-content\/uploads\/2024\/11\/GAPAS-KGS_4-768x576.jpg 768w, https:\/\/www.gapas.org.tr\/wp-content\/uploads\/2024\/11\/GAPAS-KGS_4-1536x1152.jpg 1536w, https:\/\/www.gapas.org.tr\/wp-content\/uploads\/2024\/11\/GAPAS-KGS_4-2048x1536.jpg 2048w\" sizes=\"(max-width: 1024px) 100vw, 1024px\" \/><\/a><\/figure>\n<\/div>\n<\/div>\n\n\n\n<div class=\"wp-block-columns is-layout-flex wp-container-core-columns-is-layout-9d6595d7 wp-block-columns-is-layout-flex\">\n<div class=\"wp-block-column is-layout-flow wp-block-column-is-layout-flow\">\n<figure class=\"wp-block-gallery has-nested-images columns-default is-cropped wp-block-gallery-2 is-layout-flex wp-block-gallery-is-layout-flex\">\n<figure class=\"wp-block-image size-large\"><a href=\"https:\/\/www.gapas.org.tr\/wp-content\/uploads\/2024\/11\/GAPAS-KGS_5.jpg\"><img loading=\"lazy\" decoding=\"async\" width=\"1024\" height=\"768\" data-id=\"2427\" src=\"https:\/\/www.gapas.org.tr\/wp-content\/uploads\/2024\/11\/GAPAS-KGS_5-1024x768.jpg\" alt=\"\" class=\"wp-image-2427\" srcset=\"https:\/\/www.gapas.org.tr\/wp-content\/uploads\/2024\/11\/GAPAS-KGS_5-1024x768.jpg 1024w, https:\/\/www.gapas.org.tr\/wp-content\/uploads\/2024\/11\/GAPAS-KGS_5-300x225.jpg 300w, https:\/\/www.gapas.org.tr\/wp-content\/uploads\/2024\/11\/GAPAS-KGS_5-768x576.jpg 768w, https:\/\/www.gapas.org.tr\/wp-content\/uploads\/2024\/11\/GAPAS-KGS_5-1536x1152.jpg 1536w, https:\/\/www.gapas.org.tr\/wp-content\/uploads\/2024\/11\/GAPAS-KGS_5.jpg 2016w\" sizes=\"(max-width: 1024px) 100vw, 1024px\" \/><\/a><\/figure>\n<\/figure>\n<\/div>\n\n\n\n<div class=\"wp-block-column is-layout-flow wp-block-column-is-layout-flow\">\n<figure class=\"wp-block-image size-large is-resized\"><a href=\"https:\/\/www.gapas.org.tr\/wp-content\/uploads\/2024\/11\/GAPAS-KGS_3-scaled.jpg\"><img loading=\"lazy\" decoding=\"async\" width=\"1024\" height=\"768\" src=\"https:\/\/www.gapas.org.tr\/wp-content\/uploads\/2024\/11\/GAPAS-KGS_3-1024x768.jpg\" alt=\"\" class=\"wp-image-2426\" style=\"width:272px;height:auto\" srcset=\"https:\/\/www.gapas.org.tr\/wp-content\/uploads\/2024\/11\/GAPAS-KGS_3-1024x768.jpg 1024w, https:\/\/www.gapas.org.tr\/wp-content\/uploads\/2024\/11\/GAPAS-KGS_3-300x225.jpg 300w, https:\/\/www.gapas.org.tr\/wp-content\/uploads\/2024\/11\/GAPAS-KGS_3-768x576.jpg 768w, https:\/\/www.gapas.org.tr\/wp-content\/uploads\/2024\/11\/GAPAS-KGS_3-1536x1152.jpg 1536w, https:\/\/www.gapas.org.tr\/wp-content\/uploads\/2024\/11\/GAPAS-KGS_3-2048x1536.jpg 2048w\" sizes=\"(max-width: 1024px) 100vw, 1024px\" \/><\/a><\/figure>\n<\/div>\n\n\n\n<div class=\"wp-block-column is-layout-flow wp-block-column-is-layout-flow\">\n<figure class=\"wp-block-image size-large\"><a href=\"https:\/\/www.gapas.org.tr\/wp-content\/uploads\/2024\/11\/GAPAS-KGS_6.jpg\"><img loading=\"lazy\" decoding=\"async\" width=\"1024\" height=\"768\" src=\"https:\/\/www.gapas.org.tr\/wp-content\/uploads\/2024\/11\/GAPAS-KGS_6-1024x768.jpg\" alt=\"\" class=\"wp-image-2428\" srcset=\"https:\/\/www.gapas.org.tr\/wp-content\/uploads\/2024\/11\/GAPAS-KGS_6-1024x768.jpg 1024w, https:\/\/www.gapas.org.tr\/wp-content\/uploads\/2024\/11\/GAPAS-KGS_6-300x225.jpg 300w, https:\/\/www.gapas.org.tr\/wp-content\/uploads\/2024\/11\/GAPAS-KGS_6-768x576.jpg 768w, https:\/\/www.gapas.org.tr\/wp-content\/uploads\/2024\/11\/GAPAS-KGS_6-1536x1152.jpg 1536w, https:\/\/www.gapas.org.tr\/wp-content\/uploads\/2024\/11\/GAPAS-KGS_6.jpg 2016w\" sizes=\"(max-width: 1024px) 100vw, 1024px\" \/><\/a><\/figure>\n<\/div>\n<\/div>\n\n\n\n<p><\/p>\n","protected":false},"excerpt":{"rendered":"<p>GAPAS, m\u00fclk sahibi &#038; kirac\u0131 ili\u015fkilerini yeni bir zemine oturtmak \u00fczere Kira Garanti Sistemi&#8217;ni \u00f6nerdi. 8 Kas\u0131m 2024 g\u00fcn\u00fc d\u00fczenlenen bas\u0131n toplant\u0131s\u0131 ile kamuoyunun g\u00fcndemine sunulan sistemle, Kira Sigortalar\u0131 Kurumu kurulmas\u0131, bankalar\u0131n, sigorta kurulu\u015flar\u0131n\u0131n sisteme aktif kat\u0131l\u0131m\u0131 \u00f6neriliyor. Hazine ve Maliye Bakanl\u0131\u011f\u0131&#8217;n\u0131n 4 Kas\u0131m 2024 g\u00fcn\u00fc devreye ald\u0131\u011f\u0131 e-Devlet&#8217;te kira s\u00f6zle\u015fmesi haz\u0131rlama hizmetinin aktif olarak [&hellip;]<\/p>\n","protected":false},"author":1,"featured_media":0,"comment_status":"closed","ping_status":"closed","sticky":false,"template":"","format":"standard","meta":{"footnotes":""},"categories":[5],"tags":[],"class_list":["post-2418","post","type-post","status-publish","format-standard","hentry","category-dernegimizden-haberler"],"_links":{"self":[{"href":"https:\/\/www.gapas.org.tr\/index.php\/wp-json\/wp\/v2\/posts\/2418","targetHints":{"allow":["GET"]}}],"collection":[{"href":"https:\/\/www.gapas.org.tr\/index.php\/wp-json\/wp\/v2\/posts"}],"about":[{"href":"https:\/\/www.gapas.org.tr\/index.php\/wp-json\/wp\/v2\/types\/post"}],"author":[{"embeddable":true,"href":"https:\/\/www.gapas.org.tr\/index.php\/wp-json\/wp\/v2\/users\/1"}],"replies":[{"embeddable":true,"href":"https:\/\/www.gapas.org.tr\/index.php\/wp-json\/wp\/v2\/comments?post=2418"}],"version-history":[{"count":6,"href":"https:\/\/www.gapas.org.tr\/index.php\/wp-json\/wp\/v2\/posts\/2418\/revisions"}],"predecessor-version":[{"id":2434,"href":"https:\/\/www.gapas.org.tr\/index.php\/wp-json\/wp\/v2\/posts\/2418\/revisions\/2434"}],"wp:attachment":[{"href":"https:\/\/www.gapas.org.tr\/index.php\/wp-json\/wp\/v2\/media?parent=2418"}],"wp:term":[{"taxonomy":"category","embeddable":true,"href":"https:\/\/www.gapas.org.tr\/index.php\/wp-json\/wp\/v2\/categories?post=2418"},{"taxonomy":"post_tag","embeddable":true,"href":"https:\/\/www.gapas.org.tr\/index.php\/wp-json\/wp\/v2\/tags?post=2418"}],"curies":[{"name":"wp","href":"https:\/\/api.w.org\/{rel}","templated":true}]}}