{"id":2472,"date":"2024-12-17T10:38:35","date_gmt":"2024-12-17T10:38:35","guid":{"rendered":"https:\/\/www.gapas.org.tr\/?p=2472"},"modified":"2024-12-17T10:40:06","modified_gmt":"2024-12-17T10:40:06","slug":"depreme-dayanikli-binalar-fuari-ve-zirvesi-2024","status":"publish","type":"post","link":"https:\/\/www.gapas.org.tr\/index.php\/2024\/12\/17\/depreme-dayanikli-binalar-fuari-ve-zirvesi-2024\/","title":{"rendered":"Depreme Dayan\u0131kl\u0131 Binalar Fuar\u0131 ve Zirvesi 2024"},"content":{"rendered":"\n<div class=\"wp-block-columns is-layout-flex wp-container-core-columns-is-layout-9d6595d7 wp-block-columns-is-layout-flex\">\n<div class=\"wp-block-column is-layout-flow wp-block-column-is-layout-flow\" style=\"flex-basis:100%\">\n<div class=\"wp-block-group\"><div class=\"wp-block-group__inner-container is-layout-constrained wp-block-group-is-layout-constrained\">\n<p>2. Depreme Dayan\u0131kl\u0131 Binalar Fuar\u0131 ve Zirvesi, ST End\u00fcstri Medya Grubu taraf\u0131ndan, \u0130stanbul Fuar Merkezi \/ Ye\u015filk\u00f6y&#8217;de, 18-21 Aral\u0131k 2024 g\u00fcnlerinde ger\u00e7ekle\u015ftiriliyor.<\/p>\n\n\n\n<p>Zirvenin amac\u0131, depreme dayan\u0131kl\u0131 yap\u0131 tasar\u0131m\u0131, g\u00fc\u00e7lendirme teknikleri ve en son teknolojilerin tan\u0131t\u0131lmas\u0131. Etkinlikte sekt\u00f6r\u00fcn \u00f6nde gelen m\u00fchendisleri, mimarlar\u0131, akademisyenleri ve teknoloji sa\u011flay\u0131c\u0131lar\u0131 bir araya gelecek.<\/p>\n\n\n\n<p>Etkinlik i\u00e7eri\u011finde; Konferanslar: Deprem izolat\u00f6rleri, s\u00f6n\u00fcmleme sistemleri ve yap\u0131 g\u00fc\u00e7lendirme teknolojilerine dair sunumlar. Sergiler: Deprem teknolojileri, g\u00fc\u00e7lendirme \u00e7\u00f6z\u00fcmleri ve yap\u0131 g\u00fcvenli\u011fi \u00fcr\u00fcnleri. Uygulamal\u0131 g\u00f6sterimler: Yeni bina tasar\u0131mlar\u0131 ve mevcut yap\u0131lar\u0131n g\u00fc\u00e7lendirme projeleri.<\/p>\n\n\n\n<p>Fuar\u0131n, etkinlik b\u00f6l\u00fcm\u00fcnde, GAPAS y\u00f6netim kurulu ba\u015fkan\u0131 Sn. \u0130smail \u00d6zcan, 21 Aral\u0131k 2024 Cumartesi g\u00fcn\u00fc saat 11:00&#8217;de ger\u00e7ekle\u015ftirilecek &#8220;Depreme Dayan\u0131kl\u0131 Binalar\u0131n Sat\u0131\u015f ve Kiralama G\u00fcc\u00fc&#8221; ba\u015fl\u0131kl\u0131 panelin moderat\u00f6rl\u00fc\u011f\u00fcn\u00fc yapacak.<\/p>\n<\/div><\/div>\n<\/div>\n<\/div>\n\n\n\n<hr class=\"wp-block-separator has-alpha-channel-opacity\"\/>\n\n\n\n<div class=\"wp-block-columns is-layout-flex wp-container-core-columns-is-layout-9d6595d7 wp-block-columns-is-layout-flex\">\n<div class=\"wp-block-column is-layout-flow wp-block-column-is-layout-flow\">\n<figure class=\"wp-block-gallery has-nested-images columns-default is-cropped wp-block-gallery-1 is-layout-flex wp-block-gallery-is-layout-flex\">\n<figure class=\"wp-block-image size-full\"><a href=\"https:\/\/www.gapas.org.tr\/wp-content\/uploads\/2024\/12\/Depreme-Dayanikli-Binalar-Zirvesi_Gorsel.jpg\"><img fetchpriority=\"high\" decoding=\"async\" width=\"574\" height=\"1022\" data-id=\"2474\" src=\"https:\/\/www.gapas.org.tr\/wp-content\/uploads\/2024\/12\/Depreme-Dayanikli-Binalar-Zirvesi_Gorsel.jpg\" alt=\"\" class=\"wp-image-2474\" srcset=\"https:\/\/www.gapas.org.tr\/wp-content\/uploads\/2024\/12\/Depreme-Dayanikli-Binalar-Zirvesi_Gorsel.jpg 574w, https:\/\/www.gapas.org.tr\/wp-content\/uploads\/2024\/12\/Depreme-Dayanikli-Binalar-Zirvesi_Gorsel-168x300.jpg 168w\" sizes=\"(max-width: 574px) 100vw, 574px\" \/><\/a><\/figure>\n<\/figure>\n<\/div>\n\n\n\n<div class=\"wp-block-column is-layout-flow wp-block-column-is-layout-flow\">\n<figure class=\"wp-block-image size-large\"><a href=\"https:\/\/www.gapas.org.tr\/wp-content\/uploads\/2024\/12\/Depreme-Dayanikli-Binalar-Zirvesi_Panel.png\"><img decoding=\"async\" width=\"1024\" height=\"1024\" src=\"https:\/\/www.gapas.org.tr\/wp-content\/uploads\/2024\/12\/Depreme-Dayanikli-Binalar-Zirvesi_Panel-1024x1024.png\" alt=\"\" class=\"wp-image-2475\" srcset=\"https:\/\/www.gapas.org.tr\/wp-content\/uploads\/2024\/12\/Depreme-Dayanikli-Binalar-Zirvesi_Panel-1024x1024.png 1024w, https:\/\/www.gapas.org.tr\/wp-content\/uploads\/2024\/12\/Depreme-Dayanikli-Binalar-Zirvesi_Panel-300x300.png 300w, https:\/\/www.gapas.org.tr\/wp-content\/uploads\/2024\/12\/Depreme-Dayanikli-Binalar-Zirvesi_Panel-150x150.png 150w, https:\/\/www.gapas.org.tr\/wp-content\/uploads\/2024\/12\/Depreme-Dayanikli-Binalar-Zirvesi_Panel-768x768.png 768w, https:\/\/www.gapas.org.tr\/wp-content\/uploads\/2024\/12\/Depreme-Dayanikli-Binalar-Zirvesi_Panel-1536x1536.png 1536w, https:\/\/www.gapas.org.tr\/wp-content\/uploads\/2024\/12\/Depreme-Dayanikli-Binalar-Zirvesi_Panel-2048x2048.png 2048w\" sizes=\"(max-width: 1024px) 100vw, 1024px\" \/><\/a><\/figure>\n<\/div>\n<\/div>\n\n\n\n<p><\/p>\n","protected":false},"excerpt":{"rendered":"<p>2. Depreme Dayan\u0131kl\u0131 Binalar Fuar\u0131 ve Zirvesi, ST End\u00fcstri Medya Grubu taraf\u0131ndan, \u0130stanbul Fuar Merkezi \/ Ye\u015filk\u00f6y&#8217;de, 18-21 Aral\u0131k 2024 g\u00fcnlerinde ger\u00e7ekle\u015ftiriliyor. Zirvenin amac\u0131, depreme dayan\u0131kl\u0131 yap\u0131 tasar\u0131m\u0131, g\u00fc\u00e7lendirme teknikleri ve en son teknolojilerin tan\u0131t\u0131lmas\u0131. Etkinlikte sekt\u00f6r\u00fcn \u00f6nde gelen m\u00fchendisleri, mimarlar\u0131, akademisyenleri ve teknoloji sa\u011flay\u0131c\u0131lar\u0131 bir araya gelecek. Etkinlik i\u00e7eri\u011finde; Konferanslar: Deprem izolat\u00f6rleri, s\u00f6n\u00fcmleme sistemleri [&hellip;]<\/p>\n","protected":false},"author":1,"featured_media":0,"comment_status":"closed","ping_status":"closed","sticky":false,"template":"","format":"standard","meta":{"footnotes":""},"categories":[5],"tags":[],"class_list":["post-2472","post","type-post","status-publish","format-standard","hentry","category-dernegimizden-haberler"],"_links":{"self":[{"href":"https:\/\/www.gapas.org.tr\/index.php\/wp-json\/wp\/v2\/posts\/2472","targetHints":{"allow":["GET"]}}],"collection":[{"href":"https:\/\/www.gapas.org.tr\/index.php\/wp-json\/wp\/v2\/posts"}],"about":[{"href":"https:\/\/www.gapas.org.tr\/index.php\/wp-json\/wp\/v2\/types\/post"}],"author":[{"embeddable":true,"href":"https:\/\/www.gapas.org.tr\/index.php\/wp-json\/wp\/v2\/users\/1"}],"replies":[{"embeddable":true,"href":"https:\/\/www.gapas.org.tr\/index.php\/wp-json\/wp\/v2\/comments?post=2472"}],"version-history":[{"count":3,"href":"https:\/\/www.gapas.org.tr\/index.php\/wp-json\/wp\/v2\/posts\/2472\/revisions"}],"predecessor-version":[{"id":2477,"href":"https:\/\/www.gapas.org.tr\/index.php\/wp-json\/wp\/v2\/posts\/2472\/revisions\/2477"}],"wp:attachment":[{"href":"https:\/\/www.gapas.org.tr\/index.php\/wp-json\/wp\/v2\/media?parent=2472"}],"wp:term":[{"taxonomy":"category","embeddable":true,"href":"https:\/\/www.gapas.org.tr\/index.php\/wp-json\/wp\/v2\/categories?post=2472"},{"taxonomy":"post_tag","embeddable":true,"href":"https:\/\/www.gapas.org.tr\/index.php\/wp-json\/wp\/v2\/tags?post=2472"}],"curies":[{"name":"wp","href":"https:\/\/api.w.org\/{rel}","templated":true}]}}