{"id":3047,"date":"2025-10-24T13:23:39","date_gmt":"2025-10-24T13:23:39","guid":{"rendered":"https:\/\/www.gapas.org.tr\/?p=3047"},"modified":"2025-10-24T13:24:19","modified_gmt":"2025-10-24T13:24:19","slug":"gapas-olagan-genel-kurulu-gerceklesti","status":"publish","type":"post","link":"https:\/\/www.gapas.org.tr\/index.php\/2025\/10\/24\/gapas-olagan-genel-kurulu-gerceklesti\/","title":{"rendered":"GAPAS, 2. OLA\u011eAN GENEL KURULU GER\u00c7EKLE\u015eT\u0130"},"content":{"rendered":"<p>GAPAS&#8217;\u0131n 2. ola\u011fan genel kurul toplant\u0131s\u0131 23 Ekim 2025 g\u00fcn\u00fc dernek merkezinde ger\u00e7ekle\u015fti. Genel kurulda biraraya gelen \u00fcyeler, hem ge\u00e7mi\u015f d\u00f6nem \u00e7al\u0131\u015fmalar\u0131n\u0131 isti\u015fare ettiler hem de GAPAS&#8217;\u0131n 2025-28 d\u00f6neminde alaca\u011f\u0131 aksiyonlara ili\u015fkin g\u00f6r\u00fc\u015f ve \u00f6nerilerde bulundular.<\/p>\n<p>Derne\u011fin kuruldu\u011fu 15 May\u0131s 2020&#8217;den bug\u00fcne y\u00f6netim kurulu ba\u015fkanl\u0131\u011f\u0131n\u0131 \u00fcstlenen, bu ola\u011fan genel kurulda, bir sonraki d\u00f6nem i\u00e7in ba\u015fkanl\u0131\u011fa tekrar aday olmayan y\u00f6netim kurulu ba\u015fkan\u0131 Sn. \u0130smail \u00d6ZCAN, bir \u00f6nceki genel kuruldan bu yana yap\u0131lan faaliyetleri i\u00e7eren raporu ve mali durumu \u00fcyelerle payla\u015ft\u0131.<\/p>\n<p>G\u00f6revdeki y\u00f6netim ve denetim kurullar\u0131n\u0131n oybirli\u011fiyle ibra edildi\u011fi ola\u011fan genel kurul toplant\u0131s\u0131nda 2025-28 d\u00f6neminde g\u00f6revde olacak yeni y\u00f6netim ve denetim kurullar\u0131n\u0131n da se\u00e7imi yap\u0131ld\u0131. \u00d6n\u00fcm\u00fczdeki 3 y\u0131l i\u00e7in GAPAS&#8217;\u0131n y\u00f6netim kurulu ba\u015fkanl\u0131\u011f\u0131n\u0131 Sn. Mustafa Kemal \u015eAH\u0130N, denetim kurulu ba\u015fkanl\u0131\u011f\u0131n\u0131 Sn. Ali G\u00dcRI\u015eIK \u00fcstlendi.<\/p>\n<p><strong>GAPAS 2025-28 Y\u00f6netim Kurulu:<\/strong><\/p>\n<p>Mustafa Kemal \u015eahin (Ba\u015fkan), G\u00fclfem TANDO\u011eAN, Kader AYDIN, Emre KALEL\u0130O\u011eLU, Levent KAYIK, Mehmet SUNGUR, Serkan ARSLAN<\/p>\n<p><strong>GAPAS\u00a02025-28 Denetim Kurulu:<\/strong><\/p>\n<p>Ali G\u00dcRI\u015eIK (Ba\u015fkan), Mahmut Emre YAL\u00c7IN, Suat DEN\u0130Z<\/p>\n\n\n<figure class=\"wp-block-gallery has-nested-images columns-default is-cropped wp-block-gallery-1 is-layout-flex wp-block-gallery-is-layout-flex\"><\/figure>\n\n\n\n<figure class=\"wp-block-image size-large\"><img fetchpriority=\"high\" decoding=\"async\" width=\"1024\" height=\"768\" src=\"https:\/\/www.gapas.org.tr\/wp-content\/uploads\/2025\/10\/IMG-20251024-WA0031-1024x768.jpg\" alt=\"\" class=\"wp-image-3053\" srcset=\"https:\/\/www.gapas.org.tr\/wp-content\/uploads\/2025\/10\/IMG-20251024-WA0031-1024x768.jpg 1024w, https:\/\/www.gapas.org.tr\/wp-content\/uploads\/2025\/10\/IMG-20251024-WA0031-300x225.jpg 300w, https:\/\/www.gapas.org.tr\/wp-content\/uploads\/2025\/10\/IMG-20251024-WA0031-768x576.jpg 768w, https:\/\/www.gapas.org.tr\/wp-content\/uploads\/2025\/10\/IMG-20251024-WA0031-1536x1152.jpg 1536w, https:\/\/www.gapas.org.tr\/wp-content\/uploads\/2025\/10\/IMG-20251024-WA0031.jpg 1600w\" sizes=\"(max-width: 1024px) 100vw, 1024px\" \/><\/figure>\n\n\n\n<figure class=\"wp-block-gallery has-nested-images columns-default is-cropped wp-block-gallery-2 is-layout-flex wp-block-gallery-is-layout-flex\">\n<figure class=\"wp-block-image size-large\"><img decoding=\"async\" width=\"768\" height=\"1024\" data-id=\"3055\" src=\"https:\/\/www.gapas.org.tr\/wp-content\/uploads\/2025\/10\/IMG-20251024-WA0029-1-768x1024.jpg\" alt=\"\" class=\"wp-image-3055\" srcset=\"https:\/\/www.gapas.org.tr\/wp-content\/uploads\/2025\/10\/IMG-20251024-WA0029-1-768x1024.jpg 768w, https:\/\/www.gapas.org.tr\/wp-content\/uploads\/2025\/10\/IMG-20251024-WA0029-1-225x300.jpg 225w, https:\/\/www.gapas.org.tr\/wp-content\/uploads\/2025\/10\/IMG-20251024-WA0029-1-1152x1536.jpg 1152w, https:\/\/www.gapas.org.tr\/wp-content\/uploads\/2025\/10\/IMG-20251024-WA0029-1.jpg 1200w\" sizes=\"(max-width: 768px) 100vw, 768px\" \/><\/figure>\n<\/figure>\n","protected":false},"excerpt":{"rendered":"<p>GAPAS&#8217;\u0131n 2. ola\u011fan genel kurul toplant\u0131s\u0131 23 Ekim 2025 g\u00fcn\u00fc dernek merkezinde ger\u00e7ekle\u015fti. Genel kurulda biraraya gelen \u00fcyeler, hem ge\u00e7mi\u015f d\u00f6nem \u00e7al\u0131\u015fmalar\u0131n\u0131 isti\u015fare ettiler hem de GAPAS&#8217;\u0131n 2025-28 d\u00f6neminde alaca\u011f\u0131 aksiyonlara ili\u015fkin g\u00f6r\u00fc\u015f ve \u00f6nerilerde bulundular. Derne\u011fin kuruldu\u011fu 15 May\u0131s 2020&#8217;den bug\u00fcne y\u00f6netim kurulu ba\u015fkanl\u0131\u011f\u0131n\u0131 \u00fcstlenen, bu ola\u011fan genel kurulda, bir sonraki d\u00f6nem i\u00e7in ba\u015fkanl\u0131\u011fa [&hellip;]<\/p>\n","protected":false},"author":1,"featured_media":0,"comment_status":"closed","ping_status":"closed","sticky":false,"template":"","format":"standard","meta":{"footnotes":""},"categories":[5],"tags":[],"class_list":["post-3047","post","type-post","status-publish","format-standard","hentry","category-dernegimizden-haberler"],"_links":{"self":[{"href":"https:\/\/www.gapas.org.tr\/index.php\/wp-json\/wp\/v2\/posts\/3047","targetHints":{"allow":["GET"]}}],"collection":[{"href":"https:\/\/www.gapas.org.tr\/index.php\/wp-json\/wp\/v2\/posts"}],"about":[{"href":"https:\/\/www.gapas.org.tr\/index.php\/wp-json\/wp\/v2\/types\/post"}],"author":[{"embeddable":true,"href":"https:\/\/www.gapas.org.tr\/index.php\/wp-json\/wp\/v2\/users\/1"}],"replies":[{"embeddable":true,"href":"https:\/\/www.gapas.org.tr\/index.php\/wp-json\/wp\/v2\/comments?post=3047"}],"version-history":[{"count":3,"href":"https:\/\/www.gapas.org.tr\/index.php\/wp-json\/wp\/v2\/posts\/3047\/revisions"}],"predecessor-version":[{"id":3057,"href":"https:\/\/www.gapas.org.tr\/index.php\/wp-json\/wp\/v2\/posts\/3047\/revisions\/3057"}],"wp:attachment":[{"href":"https:\/\/www.gapas.org.tr\/index.php\/wp-json\/wp\/v2\/media?parent=3047"}],"wp:term":[{"taxonomy":"category","embeddable":true,"href":"https:\/\/www.gapas.org.tr\/index.php\/wp-json\/wp\/v2\/categories?post=3047"},{"taxonomy":"post_tag","embeddable":true,"href":"https:\/\/www.gapas.org.tr\/index.php\/wp-json\/wp\/v2\/tags?post=3047"}],"curies":[{"name":"wp","href":"https:\/\/api.w.org\/{rel}","templated":true}]}}